{"id":169,"date":"2019-05-09T17:00:31","date_gmt":"2019-05-09T20:00:31","guid":{"rendered":"http:\/\/sgpa.com.br\/pecuaria2019\/?p=169"},"modified":"2019-05-09T17:00:33","modified_gmt":"2019-05-09T20:00:33","slug":"reuniao-sobre-o-vi-seminario-sobre-curraleiro-pe-duro-e-ii-simposio-da-rede-pro-centro-oeste-curraleiro-e-pantaneiro","status":"publish","type":"post","link":"http:\/\/sgpa.com.br\/pecuaria2019\/reuniao-sobre-o-vi-seminario-sobre-curraleiro-pe-duro-e-ii-simposio-da-rede-pro-centro-oeste-curraleiro-e-pantaneiro\/","title":{"rendered":"Reuni\u00e3o sobre o VI Semin\u00e1rio sobre Curraleiro P\u00e9-Duro e II Simp\u00f3sio da Rede Pr\u00f3-Centro Oeste Curraleiro e Pantaneiro"},"content":{"rendered":"\n<p>Hoje, 09, aconteceu reuni\u00e3o do Vice-presidente Eurico Velasco e as coordenadoras Maria Clorinda Soares Fioravant e Adriana Santana do Carmo, do VI Semin\u00e1rio sobre Curraleiro P\u00e9-Duro e II Simp\u00f3sio da Rede Pr\u00f3-Centro Oeste Curraleiro e Pantaneiro. Foram feitos os \u00faltimos acertos para o evento que acontecer\u00e1 no dia 24 de maio no Parque de Exposi\u00e7\u00e3o Agropecu\u00e1ria de Goi\u00e2nia, durante a 74\u00aa Exposi\u00e7\u00e3o Agropecu\u00e1ria do Estado de Goi\u00e1s, no Audit\u00f3rio da sede da SGPA. Participar\u00e3o produtores rurais, estudantes de gradua\u00e7\u00e3o, p\u00f3s-gradua\u00e7\u00e3o de medicina veterin\u00e1ria, zootecnia, professores e pesquisadores. Sem taxa de inscri\u00e7\u00e3o. Para mais informa\u00e7\u00f5es \u00e9 s\u00f3 entrar em contato pelo e-mail: buiatriagodf@gmail.com<br> Venha participar!!<\/p>\n\n\n\n<figure class=\"wp-block-image\"><img loading=\"lazy\" decoding=\"async\" width=\"1024\" height=\"768\" src=\"http:\/\/sgpa.com.br\/pecuaria2019\/wp-content\/uploads\/2019\/05\/Reuniao-1-1024x768.jpeg\" alt=\"\" class=\"wp-image-170\" srcset=\"http:\/\/sgpa.com.br\/pecuaria2019\/wp-content\/uploads\/2019\/05\/Reuniao-1-1024x768.jpeg 1024w, http:\/\/sgpa.com.br\/pecuaria2019\/wp-content\/uploads\/2019\/05\/Reuniao-1-300x225.jpeg 300w, http:\/\/sgpa.com.br\/pecuaria2019\/wp-content\/uploads\/2019\/05\/Reuniao-1-768x576.jpeg 768w, http:\/\/sgpa.com.br\/pecuaria2019\/wp-content\/uploads\/2019\/05\/Reuniao-1.jpeg 1280w\" sizes=\"auto, (max-width: 1024px) 100vw, 1024px\" \/><\/figure>\n\n\n\n<figure class=\"wp-block-image\"><img loading=\"lazy\" decoding=\"async\" width=\"1024\" height=\"768\" src=\"http:\/\/sgpa.com.br\/pecuaria2019\/wp-content\/uploads\/2019\/05\/Reuniao-3-1024x768.jpeg\" alt=\"\" class=\"wp-image-171\" srcset=\"http:\/\/sgpa.com.br\/pecuaria2019\/wp-content\/uploads\/2019\/05\/Reuniao-3-1024x768.jpeg 1024w, http:\/\/sgpa.com.br\/pecuaria2019\/wp-content\/uploads\/2019\/05\/Reuniao-3-300x225.jpeg 300w, http:\/\/sgpa.com.br\/pecuaria2019\/wp-content\/uploads\/2019\/05\/Reuniao-3-768x576.jpeg 768w, http:\/\/sgpa.com.br\/pecuaria2019\/wp-content\/uploads\/2019\/05\/Reuniao-3.jpeg 1280w\" sizes=\"auto, (max-width: 1024px) 100vw, 1024px\" \/><\/figure>\n","protected":false},"excerpt":{"rendered":"<p>Hoje, 09, aconteceu reuni\u00e3o do Vice-presidente Eurico Velasco e as coordenadoras Maria Clorinda Soares Fioravant e Adriana Santana do Carmo, do VI Semin\u00e1rio sobre Curraleiro P\u00e9-Duro e II Simp\u00f3sio da Rede Pr\u00f3-Centro Oeste Curraleiro e Pantaneiro. Foram feitos os \u00faltimos acertos para o evento que acontecer\u00e1 no dia 24 de maio no Parque de Exposi\u00e7\u00e3o [&hellip;]<\/p>\n","protected":false},"author":2,"featured_media":170,"comment_status":"open","ping_status":"open","sticky":false,"template":"","format":"standard","meta":{"_acf_changed":false,"footnotes":""},"categories":[2],"tags":[],"class_list":["post-169","post","type-post","status-publish","format-standard","has-post-thumbnail","hentry","category-pecuaria-2019"],"acf":[],"_links":{"self":[{"href":"http:\/\/sgpa.com.br\/pecuaria2019\/wp-json\/wp\/v2\/posts\/169","targetHints":{"allow":["GET"]}}],"collection":[{"href":"http:\/\/sgpa.com.br\/pecuaria2019\/wp-json\/wp\/v2\/posts"}],"about":[{"href":"http:\/\/sgpa.com.br\/pecuaria2019\/wp-json\/wp\/v2\/types\/post"}],"author":[{"embeddable":true,"href":"http:\/\/sgpa.com.br\/pecuaria2019\/wp-json\/wp\/v2\/users\/2"}],"replies":[{"embeddable":true,"href":"http:\/\/sgpa.com.br\/pecuaria2019\/wp-json\/wp\/v2\/comments?post=169"}],"version-history":[{"count":1,"href":"http:\/\/sgpa.com.br\/pecuaria2019\/wp-json\/wp\/v2\/posts\/169\/revisions"}],"predecessor-version":[{"id":172,"href":"http:\/\/sgpa.com.br\/pecuaria2019\/wp-json\/wp\/v2\/posts\/169\/revisions\/172"}],"wp:featuredmedia":[{"embeddable":true,"href":"http:\/\/sgpa.com.br\/pecuaria2019\/wp-json\/wp\/v2\/media\/170"}],"wp:attachment":[{"href":"http:\/\/sgpa.com.br\/pecuaria2019\/wp-json\/wp\/v2\/media?parent=169"}],"wp:term":[{"taxonomy":"category","embeddable":true,"href":"http:\/\/sgpa.com.br\/pecuaria2019\/wp-json\/wp\/v2\/categories?post=169"},{"taxonomy":"post_tag","embeddable":true,"href":"http:\/\/sgpa.com.br\/pecuaria2019\/wp-json\/wp\/v2\/tags?post=169"}],"curies":[{"name":"wp","href":"https:\/\/api.w.org\/{rel}","templated":true}]}}