{"id":173,"date":"2019-05-10T11:21:29","date_gmt":"2019-05-10T14:21:29","guid":{"rendered":"http:\/\/sgpa.com.br\/pecuaria2019\/?p=173"},"modified":"2019-05-10T11:21:31","modified_gmt":"2019-05-10T14:21:31","slug":"sgpa-participa-do-forum-goias-livre-de-febre-aftosa-sem-vacinacao","status":"publish","type":"post","link":"http:\/\/sgpa.com.br\/pecuaria2019\/sgpa-participa-do-forum-goias-livre-de-febre-aftosa-sem-vacinacao\/","title":{"rendered":"SGPA participa do f\u00f3rum: \u201cGoi\u00e1s livre de febre aftosa, sem vacina\u00e7\u00e3o\u201d"},"content":{"rendered":"\n<p>\n\nAconteceu hoje no audit\u00f3rio da Faeg o F\u00f3rum \u201cGoi\u00e1s Livre de febre aftosa, sem vacina\u00e7\u00e3o\u201d, e como representantes da SGPA estavam os diretores Andr\u00e9 Lousa e Salvador Sidney Farina Neto. Alguns criadores, t\u00e9cnicos, pesquisadores, fiscais agropecu\u00e1rios federais e estaduais, revendedores de vacina tamb\u00e9m compareceram, visando a seguran\u00e7a necess\u00e1ria para um passo decisivo.<br>O Programa Nacional de Erradica\u00e7\u00e3o e Preven\u00e7ao da Febre Aftosa (PNEFA), visa preparar o Brasil para alcan\u00e7ar o status de pa\u00eds livre da Febre Aftosa sem vacina\u00e7\u00e3o a partir de 2021, com reconhecimento da Organiza\u00e7\u00e3o Internacional de Sa\u00fade Animal \u2013 OIE.\n\n<\/p>\n\n\n\n<figure class=\"wp-block-image\"><img loading=\"lazy\" decoding=\"async\" width=\"1024\" height=\"768\" src=\"http:\/\/sgpa.com.br\/pecuaria2019\/wp-content\/uploads\/2019\/05\/F\u00f3rum-1024x768.jpeg\" alt=\"\" class=\"wp-image-175\" srcset=\"http:\/\/sgpa.com.br\/pecuaria2019\/wp-content\/uploads\/2019\/05\/F\u00f3rum-1024x768.jpeg 1024w, http:\/\/sgpa.com.br\/pecuaria2019\/wp-content\/uploads\/2019\/05\/F\u00f3rum-300x225.jpeg 300w, http:\/\/sgpa.com.br\/pecuaria2019\/wp-content\/uploads\/2019\/05\/F\u00f3rum-768x576.jpeg 768w, http:\/\/sgpa.com.br\/pecuaria2019\/wp-content\/uploads\/2019\/05\/F\u00f3rum.jpeg 1032w\" sizes=\"auto, (max-width: 1024px) 100vw, 1024px\" \/><\/figure>\n\n\n\n<ul class=\"wp-block-gallery columns-0 is-cropped wp-block-gallery-1 is-layout-flex wp-block-gallery-is-layout-flex\"><\/ul>\n","protected":false},"excerpt":{"rendered":"<p>Aconteceu hoje no audit\u00f3rio da Faeg o F\u00f3rum \u201cGoi\u00e1s Livre de febre aftosa, sem vacina\u00e7\u00e3o\u201d, e como representantes da SGPA estavam os diretores Andr\u00e9 Lousa e Salvador Sidney Farina Neto. Alguns criadores, t\u00e9cnicos, pesquisadores, fiscais agropecu\u00e1rios federais e estaduais, revendedores de vacina tamb\u00e9m compareceram, visando a seguran\u00e7a necess\u00e1ria para um passo decisivo.O Programa Nacional de [&hellip;]<\/p>\n","protected":false},"author":3,"featured_media":176,"comment_status":"open","ping_status":"open","sticky":false,"template":"","format":"standard","meta":{"_acf_changed":false,"footnotes":""},"categories":[1],"tags":[],"class_list":["post-173","post","type-post","status-publish","format-standard","has-post-thumbnail","hentry","category-sem-categoria"],"acf":[],"_links":{"self":[{"href":"http:\/\/sgpa.com.br\/pecuaria2019\/wp-json\/wp\/v2\/posts\/173","targetHints":{"allow":["GET"]}}],"collection":[{"href":"http:\/\/sgpa.com.br\/pecuaria2019\/wp-json\/wp\/v2\/posts"}],"about":[{"href":"http:\/\/sgpa.com.br\/pecuaria2019\/wp-json\/wp\/v2\/types\/post"}],"author":[{"embeddable":true,"href":"http:\/\/sgpa.com.br\/pecuaria2019\/wp-json\/wp\/v2\/users\/3"}],"replies":[{"embeddable":true,"href":"http:\/\/sgpa.com.br\/pecuaria2019\/wp-json\/wp\/v2\/comments?post=173"}],"version-history":[{"count":1,"href":"http:\/\/sgpa.com.br\/pecuaria2019\/wp-json\/wp\/v2\/posts\/173\/revisions"}],"predecessor-version":[{"id":177,"href":"http:\/\/sgpa.com.br\/pecuaria2019\/wp-json\/wp\/v2\/posts\/173\/revisions\/177"}],"wp:featuredmedia":[{"embeddable":true,"href":"http:\/\/sgpa.com.br\/pecuaria2019\/wp-json\/wp\/v2\/media\/176"}],"wp:attachment":[{"href":"http:\/\/sgpa.com.br\/pecuaria2019\/wp-json\/wp\/v2\/media?parent=173"}],"wp:term":[{"taxonomy":"category","embeddable":true,"href":"http:\/\/sgpa.com.br\/pecuaria2019\/wp-json\/wp\/v2\/categories?post=173"},{"taxonomy":"post_tag","embeddable":true,"href":"http:\/\/sgpa.com.br\/pecuaria2019\/wp-json\/wp\/v2\/tags?post=173"}],"curies":[{"name":"wp","href":"https:\/\/api.w.org\/{rel}","templated":true}]}}