{"id":499,"date":"2019-05-16T14:30:44","date_gmt":"2019-05-16T17:30:44","guid":{"rendered":"http:\/\/sgpa.com.br\/pecuaria2019\/?p=499"},"modified":"2019-05-16T14:33:08","modified_gmt":"2019-05-16T17:33:08","slug":"abertura-oficial-pecuaria-2019","status":"publish","type":"post","link":"http:\/\/sgpa.com.br\/pecuaria2019\/abertura-oficial-pecuaria-2019\/","title":{"rendered":"Abertura oficial Pecu\u00e1ria 2019"},"content":{"rendered":"\n<p>Amanh\u00e3 o Parque de Exposi\u00e7\u00f5es estar\u00e1 aberto a todo o p\u00fablico. \u00c1s 10h vai acontecer a abertura oficial com a presen\u00e7a de produtores rurais, expositores, autoridades e personalidades do Agroneg\u00f3cio, os diretores da SGPA e o governador do estado de Goi\u00e1s Ronaldo Caiado. <\/p>\n\n\n\n<p>A\nexposi\u00e7\u00e3o est\u00e1 completando 74 anos, \u00e9 realizado pela Sociedade Goiana de Pecu\u00e1ria\ne Agricultura (SGPA). Em 2018 recebeu mais de 400 mil pessoas, e este ano de\n2019 espera superar a estimativa de p\u00fablico.<\/p>\n\n\n\n<ul class=\"wp-block-gallery columns-3 is-cropped wp-block-gallery-1 is-layout-flex wp-block-gallery-is-layout-flex\"><li class=\"blocks-gallery-item\"><figure><img loading=\"lazy\" decoding=\"async\" width=\"1024\" height=\"678\" src=\"http:\/\/sgpa.com.br\/pecuaria2019\/wp-content\/uploads\/2019\/05\/DSC_9003-1024x678.jpg\" alt=\"\" data-id=\"500\" data-link=\"http:\/\/sgpa.com.br\/pecuaria2019\/?attachment_id=500\" class=\"wp-image-500\" srcset=\"http:\/\/sgpa.com.br\/pecuaria2019\/wp-content\/uploads\/2019\/05\/DSC_9003-1024x678.jpg 1024w, http:\/\/sgpa.com.br\/pecuaria2019\/wp-content\/uploads\/2019\/05\/DSC_9003-300x199.jpg 300w, http:\/\/sgpa.com.br\/pecuaria2019\/wp-content\/uploads\/2019\/05\/DSC_9003-768x509.jpg 768w\" sizes=\"auto, (max-width: 1024px) 100vw, 1024px\" \/><\/figure><\/li><li class=\"blocks-gallery-item\"><figure><img loading=\"lazy\" decoding=\"async\" width=\"1024\" height=\"678\" src=\"http:\/\/sgpa.com.br\/pecuaria2019\/wp-content\/uploads\/2019\/05\/DSC_9026-1024x678.jpg\" alt=\"\" data-id=\"501\" data-link=\"http:\/\/sgpa.com.br\/pecuaria2019\/?attachment_id=501\" class=\"wp-image-501\" srcset=\"http:\/\/sgpa.com.br\/pecuaria2019\/wp-content\/uploads\/2019\/05\/DSC_9026-1024x678.jpg 1024w, http:\/\/sgpa.com.br\/pecuaria2019\/wp-content\/uploads\/2019\/05\/DSC_9026-300x199.jpg 300w, http:\/\/sgpa.com.br\/pecuaria2019\/wp-content\/uploads\/2019\/05\/DSC_9026-768x509.jpg 768w\" sizes=\"auto, (max-width: 1024px) 100vw, 1024px\" \/><\/figure><\/li><li class=\"blocks-gallery-item\"><figure><img loading=\"lazy\" decoding=\"async\" width=\"1024\" height=\"678\" src=\"http:\/\/sgpa.com.br\/pecuaria2019\/wp-content\/uploads\/2019\/05\/DSC_9105-1024x678.jpg\" alt=\"\" data-id=\"502\" data-link=\"http:\/\/sgpa.com.br\/pecuaria2019\/?attachment_id=502\" class=\"wp-image-502\" srcset=\"http:\/\/sgpa.com.br\/pecuaria2019\/wp-content\/uploads\/2019\/05\/DSC_9105-1024x678.jpg 1024w, http:\/\/sgpa.com.br\/pecuaria2019\/wp-content\/uploads\/2019\/05\/DSC_9105-300x199.jpg 300w, http:\/\/sgpa.com.br\/pecuaria2019\/wp-content\/uploads\/2019\/05\/DSC_9105-768x509.jpg 768w\" sizes=\"auto, (max-width: 1024px) 100vw, 1024px\" \/><\/figure><\/li><\/ul>\n","protected":false},"excerpt":{"rendered":"<p>Amanh\u00e3 o Parque de Exposi\u00e7\u00f5es estar\u00e1 aberto a todo o p\u00fablico. \u00c1s 10h vai acontecer a abertura oficial com a presen\u00e7a de produtores rurais, expositores, autoridades e personalidades do Agroneg\u00f3cio, os diretores da SGPA e o governador do estado de Goi\u00e1s Ronaldo Caiado. A exposi\u00e7\u00e3o est\u00e1 completando 74 anos, \u00e9 realizado pela Sociedade Goiana de [&hellip;]<\/p>\n","protected":false},"author":3,"featured_media":500,"comment_status":"open","ping_status":"open","sticky":false,"template":"","format":"standard","meta":{"_acf_changed":false,"footnotes":""},"categories":[1],"tags":[],"class_list":["post-499","post","type-post","status-publish","format-standard","has-post-thumbnail","hentry","category-sem-categoria"],"acf":[],"_links":{"self":[{"href":"http:\/\/sgpa.com.br\/pecuaria2019\/wp-json\/wp\/v2\/posts\/499","targetHints":{"allow":["GET"]}}],"collection":[{"href":"http:\/\/sgpa.com.br\/pecuaria2019\/wp-json\/wp\/v2\/posts"}],"about":[{"href":"http:\/\/sgpa.com.br\/pecuaria2019\/wp-json\/wp\/v2\/types\/post"}],"author":[{"embeddable":true,"href":"http:\/\/sgpa.com.br\/pecuaria2019\/wp-json\/wp\/v2\/users\/3"}],"replies":[{"embeddable":true,"href":"http:\/\/sgpa.com.br\/pecuaria2019\/wp-json\/wp\/v2\/comments?post=499"}],"version-history":[{"count":2,"href":"http:\/\/sgpa.com.br\/pecuaria2019\/wp-json\/wp\/v2\/posts\/499\/revisions"}],"predecessor-version":[{"id":504,"href":"http:\/\/sgpa.com.br\/pecuaria2019\/wp-json\/wp\/v2\/posts\/499\/revisions\/504"}],"wp:featuredmedia":[{"embeddable":true,"href":"http:\/\/sgpa.com.br\/pecuaria2019\/wp-json\/wp\/v2\/media\/500"}],"wp:attachment":[{"href":"http:\/\/sgpa.com.br\/pecuaria2019\/wp-json\/wp\/v2\/media?parent=499"}],"wp:term":[{"taxonomy":"category","embeddable":true,"href":"http:\/\/sgpa.com.br\/pecuaria2019\/wp-json\/wp\/v2\/categories?post=499"},{"taxonomy":"post_tag","embeddable":true,"href":"http:\/\/sgpa.com.br\/pecuaria2019\/wp-json\/wp\/v2\/tags?post=499"}],"curies":[{"name":"wp","href":"https:\/\/api.w.org\/{rel}","templated":true}]}}