{"id":693,"date":"2019-05-25T12:03:36","date_gmt":"2019-05-25T15:03:36","guid":{"rendered":"http:\/\/sgpa.com.br\/pecuaria2019\/?p=693"},"modified":"2019-05-25T12:06:36","modified_gmt":"2019-05-25T15:06:36","slug":"a-festa-das-patroas-foi-um-sucesso","status":"publish","type":"post","link":"http:\/\/sgpa.com.br\/pecuaria2019\/a-festa-das-patroas-foi-um-sucesso\/","title":{"rendered":"A Festa das Patroas foi um sucesso"},"content":{"rendered":"\n<p>No dia 23, Mar\u00edlia Mendon\u00e7a e Maiara e Mara\u00edsa atra\u00edram uma multid\u00e3o de f\u00e3s para a Pecu\u00e1ria de Goi\u00e2nia. O p\u00fablico cantou junto e se emocionou. A pista e os camarotes estavam lotados. A Festa das Patroas tem sido sucesso por todo o Brasil!<\/p>\n\n\n\n<ul class=\"wp-block-gallery columns-3 is-cropped wp-block-gallery-1 is-layout-flex wp-block-gallery-is-layout-flex\"><li class=\"blocks-gallery-item\"><figure><img loading=\"lazy\" decoding=\"async\" width=\"1024\" height=\"678\" src=\"http:\/\/sgpa.com.br\/pecuaria2019\/wp-content\/uploads\/2019\/05\/DSC_0012-1024x678.jpg\" alt=\"\" data-id=\"694\" data-link=\"http:\/\/sgpa.com.br\/pecuaria2019\/?attachment_id=694\" class=\"wp-image-694\" srcset=\"http:\/\/sgpa.com.br\/pecuaria2019\/wp-content\/uploads\/2019\/05\/DSC_0012-1024x678.jpg 1024w, http:\/\/sgpa.com.br\/pecuaria2019\/wp-content\/uploads\/2019\/05\/DSC_0012-300x199.jpg 300w, http:\/\/sgpa.com.br\/pecuaria2019\/wp-content\/uploads\/2019\/05\/DSC_0012-768x509.jpg 768w\" sizes=\"auto, (max-width: 1024px) 100vw, 1024px\" \/><\/figure><\/li><li class=\"blocks-gallery-item\"><figure><img loading=\"lazy\" decoding=\"async\" width=\"1024\" height=\"678\" src=\"http:\/\/sgpa.com.br\/pecuaria2019\/wp-content\/uploads\/2019\/05\/DSC_9401-1024x678.jpg\" alt=\"\" data-id=\"695\" data-link=\"http:\/\/sgpa.com.br\/pecuaria2019\/?attachment_id=695\" class=\"wp-image-695\" srcset=\"http:\/\/sgpa.com.br\/pecuaria2019\/wp-content\/uploads\/2019\/05\/DSC_9401-1024x678.jpg 1024w, http:\/\/sgpa.com.br\/pecuaria2019\/wp-content\/uploads\/2019\/05\/DSC_9401-300x199.jpg 300w, http:\/\/sgpa.com.br\/pecuaria2019\/wp-content\/uploads\/2019\/05\/DSC_9401-768x509.jpg 768w\" sizes=\"auto, (max-width: 1024px) 100vw, 1024px\" \/><\/figure><\/li><li class=\"blocks-gallery-item\"><figure><img loading=\"lazy\" decoding=\"async\" width=\"1024\" height=\"678\" src=\"http:\/\/sgpa.com.br\/pecuaria2019\/wp-content\/uploads\/2019\/05\/DSC_9590-1024x678.jpg\" alt=\"\" data-id=\"696\" data-link=\"http:\/\/sgpa.com.br\/pecuaria2019\/?attachment_id=696\" class=\"wp-image-696\" srcset=\"http:\/\/sgpa.com.br\/pecuaria2019\/wp-content\/uploads\/2019\/05\/DSC_9590-1024x678.jpg 1024w, http:\/\/sgpa.com.br\/pecuaria2019\/wp-content\/uploads\/2019\/05\/DSC_9590-300x199.jpg 300w, http:\/\/sgpa.com.br\/pecuaria2019\/wp-content\/uploads\/2019\/05\/DSC_9590-768x509.jpg 768w\" sizes=\"auto, (max-width: 1024px) 100vw, 1024px\" \/><\/figure><\/li><li class=\"blocks-gallery-item\"><figure><img loading=\"lazy\" decoding=\"async\" width=\"1024\" height=\"678\" src=\"http:\/\/sgpa.com.br\/pecuaria2019\/wp-content\/uploads\/2019\/05\/DSC_9593-1024x678.jpg\" alt=\"\" data-id=\"697\" data-link=\"http:\/\/sgpa.com.br\/pecuaria2019\/?attachment_id=697\" class=\"wp-image-697\" srcset=\"http:\/\/sgpa.com.br\/pecuaria2019\/wp-content\/uploads\/2019\/05\/DSC_9593-1024x678.jpg 1024w, http:\/\/sgpa.com.br\/pecuaria2019\/wp-content\/uploads\/2019\/05\/DSC_9593-300x199.jpg 300w, http:\/\/sgpa.com.br\/pecuaria2019\/wp-content\/uploads\/2019\/05\/DSC_9593-768x509.jpg 768w\" sizes=\"auto, (max-width: 1024px) 100vw, 1024px\" \/><\/figure><\/li><li class=\"blocks-gallery-item\"><figure><img loading=\"lazy\" decoding=\"async\" width=\"1024\" height=\"678\" src=\"http:\/\/sgpa.com.br\/pecuaria2019\/wp-content\/uploads\/2019\/05\/DSC_9624-1024x678.jpg\" alt=\"\" data-id=\"698\" data-link=\"http:\/\/sgpa.com.br\/pecuaria2019\/?attachment_id=698\" class=\"wp-image-698\" srcset=\"http:\/\/sgpa.com.br\/pecuaria2019\/wp-content\/uploads\/2019\/05\/DSC_9624-1024x678.jpg 1024w, http:\/\/sgpa.com.br\/pecuaria2019\/wp-content\/uploads\/2019\/05\/DSC_9624-300x199.jpg 300w, http:\/\/sgpa.com.br\/pecuaria2019\/wp-content\/uploads\/2019\/05\/DSC_9624-768x509.jpg 768w\" sizes=\"auto, (max-width: 1024px) 100vw, 1024px\" \/><\/figure><\/li><li class=\"blocks-gallery-item\"><figure><img loading=\"lazy\" decoding=\"async\" width=\"1024\" height=\"678\" src=\"http:\/\/sgpa.com.br\/pecuaria2019\/wp-content\/uploads\/2019\/05\/DSC_9648-1024x678.jpg\" alt=\"\" data-id=\"699\" data-link=\"http:\/\/sgpa.com.br\/pecuaria2019\/?attachment_id=699\" class=\"wp-image-699\" srcset=\"http:\/\/sgpa.com.br\/pecuaria2019\/wp-content\/uploads\/2019\/05\/DSC_9648-1024x678.jpg 1024w, http:\/\/sgpa.com.br\/pecuaria2019\/wp-content\/uploads\/2019\/05\/DSC_9648-300x199.jpg 300w, http:\/\/sgpa.com.br\/pecuaria2019\/wp-content\/uploads\/2019\/05\/DSC_9648-768x509.jpg 768w\" sizes=\"auto, (max-width: 1024px) 100vw, 1024px\" \/><\/figure><\/li><\/ul>\n","protected":false},"excerpt":{"rendered":"<p>No dia 23, Mar\u00edlia Mendon\u00e7a e Maiara e Mara\u00edsa atra\u00edram uma multid\u00e3o de f\u00e3s para a Pecu\u00e1ria de Goi\u00e2nia. O p\u00fablico cantou junto e se emocionou. A pista e os camarotes estavam lotados. A Festa das Patroas tem sido sucesso por todo o Brasil!<\/p>\n","protected":false},"author":3,"featured_media":696,"comment_status":"open","ping_status":"open","sticky":false,"template":"","format":"standard","meta":{"_acf_changed":false,"footnotes":""},"categories":[2],"tags":[],"class_list":["post-693","post","type-post","status-publish","format-standard","has-post-thumbnail","hentry","category-pecuaria-2019"],"acf":[],"_links":{"self":[{"href":"http:\/\/sgpa.com.br\/pecuaria2019\/wp-json\/wp\/v2\/posts\/693","targetHints":{"allow":["GET"]}}],"collection":[{"href":"http:\/\/sgpa.com.br\/pecuaria2019\/wp-json\/wp\/v2\/posts"}],"about":[{"href":"http:\/\/sgpa.com.br\/pecuaria2019\/wp-json\/wp\/v2\/types\/post"}],"author":[{"embeddable":true,"href":"http:\/\/sgpa.com.br\/pecuaria2019\/wp-json\/wp\/v2\/users\/3"}],"replies":[{"embeddable":true,"href":"http:\/\/sgpa.com.br\/pecuaria2019\/wp-json\/wp\/v2\/comments?post=693"}],"version-history":[{"count":1,"href":"http:\/\/sgpa.com.br\/pecuaria2019\/wp-json\/wp\/v2\/posts\/693\/revisions"}],"predecessor-version":[{"id":700,"href":"http:\/\/sgpa.com.br\/pecuaria2019\/wp-json\/wp\/v2\/posts\/693\/revisions\/700"}],"wp:featuredmedia":[{"embeddable":true,"href":"http:\/\/sgpa.com.br\/pecuaria2019\/wp-json\/wp\/v2\/media\/696"}],"wp:attachment":[{"href":"http:\/\/sgpa.com.br\/pecuaria2019\/wp-json\/wp\/v2\/media?parent=693"}],"wp:term":[{"taxonomy":"category","embeddable":true,"href":"http:\/\/sgpa.com.br\/pecuaria2019\/wp-json\/wp\/v2\/categories?post=693"},{"taxonomy":"post_tag","embeddable":true,"href":"http:\/\/sgpa.com.br\/pecuaria2019\/wp-json\/wp\/v2\/tags?post=693"}],"curies":[{"name":"wp","href":"https:\/\/api.w.org\/{rel}","templated":true}]}}